{"id":4588,"date":"2022-02-15T09:19:44","date_gmt":"2022-02-15T07:19:44","guid":{"rendered":"https:\/\/metsakolo.fi\/?p=4588"},"modified":"2022-03-01T08:01:22","modified_gmt":"2022-03-01T06:01:22","slug":"wann-ist-die-beste-zeit-nach-finnland-zu-reisen","status":"publish","type":"post","link":"https:\/\/metsakolo.fi\/de\/wann-ist-die-beste-zeit-nach-finnland-zu-reisen\/","title":{"rendered":"Wann ist die beste Zeit nach Finnland zu reisen?"},"content":{"rendered":"<div data-elementor-type=\"wp-post\" data-elementor-id=\"4588\" class=\"elementor elementor-4588\" data-elementor-post-type=\"post\">\n\t\t\t\t\t\t<section data-particle_enable=\"false\" data-particle-mobile-disabled=\"false\" class=\"elementor-section elementor-top-section elementor-element elementor-element-ab1576b elementor-section-boxed elementor-section-height-default elementor-section-height-default\" data-id=\"ab1576b\" data-element_type=\"section\" data-e-type=\"section\">\n\t\t\t\t\t\t<div class=\"elementor-container elementor-column-gap-default\">\n\t\t\t\t\t<div class=\"elementor-column elementor-col-100 elementor-top-column elementor-element elementor-element-bcd48d9\" data-id=\"bcd48d9\" data-element_type=\"column\" data-e-type=\"column\">\n\t\t\t<div class=\"elementor-widget-wrap elementor-element-populated\">\n\t\t\t\t\t\t<div class=\"elementor-element elementor-element-4860ab9 elementor-widget elementor-widget-text-editor\" data-id=\"4860ab9\" data-element_type=\"widget\" data-e-type=\"widget\" data-widget_type=\"text-editor.default\">\n\t\t\t\t<div class=\"elementor-widget-container\">\n\t\t\t\t\t\t\t\t\t<p style=\"text-align: center;\">Oft werde ich gefragt wann ist der beste Zeitpunkt Finnland zu besuchen?<\/p>\t\t\t\t\t\t\t\t<\/div>\n\t\t\t\t<\/div>\n\t\t\t\t\t<\/div>\n\t\t<\/div>\n\t\t\t\t\t<\/div>\n\t\t<\/section>\n\t\t\t\t<section data-particle_enable=\"false\" data-particle-mobile-disabled=\"false\" class=\"elementor-section elementor-top-section elementor-element elementor-element-08449d7 elementor-section-boxed elementor-section-height-default elementor-section-height-default\" data-id=\"08449d7\" data-element_type=\"section\" data-e-type=\"section\">\n\t\t\t\t\t\t<div class=\"elementor-container elementor-column-gap-default\">\n\t\t\t\t\t<div class=\"elementor-column elementor-col-100 elementor-top-column elementor-element elementor-element-6fffd6e\" data-id=\"6fffd6e\" data-element_type=\"column\" data-e-type=\"column\">\n\t\t\t<div class=\"elementor-widget-wrap elementor-element-populated\">\n\t\t\t\t\t\t<div class=\"elementor-element elementor-element-8bee47e elementor-widget elementor-widget-text-editor\" data-id=\"8bee47e\" data-element_type=\"widget\" data-e-type=\"widget\" data-widget_type=\"text-editor.default\">\n\t\t\t\t<div class=\"elementor-widget-container\">\n\t\t\t\t\t\t\t\t\t<h1 style=\"text-align: center;\"><span style=\"color: #000000;\">Januar<\/span><\/h1><p><span style=\"color: #000000;\">Zugegeben: es gibt wenig Licht in Winter. Aber, am 1.1. scheint die Sonne bereits \u00fcber den Horizont in Mets\u00e4 Kolo.<\/span><\/p><p><span style=\"color: #000000;\"><div class='yrm-content yrm-content-1 yrm-content-hide' id='yrm-pxVAw' data-id='1' data-show-status='false' data-after-action='' style=\"visibility: hidden;height: 0;\">\n\t\t\t<div id='yrm-inner-content-yrm-pxVAw' class='yrm-inner-content-wrapper yrm-cntent-1'><\/span><\/p><p><span style=\"color: #000000;\">Die Sonne steigt nicht hoch, sie bleibt oft hinter den Baumwipfeln und gibt wenig direktes Licht. Das Licht Lapplands in Januar w\u00fcrde ich als zart und verletzlich bezeichnen. Der Schnee spiegelt die T\u00f6ne wider, der Himmel leuchtet in vielen Nuancen aus Pastellfarben wie babyblau und -rosa, helllila. Die Weite, die Ruhe und Einsamkeit \u2013 es ist ein magischer Mix.<span class=\"Apple-converted-space\">\u00a0<\/span><\/span><\/p><p><span style=\"color: #000000;\">In Januar gab es oft die Polarlichter zu sehen. Ganz gut bleibt mir der 1. Tag des Jahres in Erinnerung. Unsere lieben G\u00e4ste aus Deutschland m\u00fcssten am zweiten Januar abreisen. Wir endeckten schwebende gr\u00fcne Lichter am Himmel, alle Kinder wurden aus dem Bett geholt, da standen wir an der zugefrorenen See und hie\u00dfen das Neue Jahr willkommen. Die G\u00e4ste waren urgl\u00fccklich, wir aber auch!<\/span><\/p><p><span style=\"color: #000000;\">Die Temperaturen sind v\u00f6llig ok bei +3 bis -24 \u00b0c, und kaum Wind. Kleine Kinder lieben es im Schnee auszutoben, zu springen und herumfallen. Bewegung einige Stunden am Vormittag, mittags aufw\u00e4rmen beim Essen und einer Rast, Nachmittags\/Abends nochmal raus in die Natur. F\u00fcr einen erholsamen Urlaub braucht es nicht mehr, am besten halte ich es, wenn man loslassen kann. Superspannend finde ich es die Spuren der wilden Tiere zu folgen (Waldhase, Fuchs, Elch, Fischotter, Schneeh\u00fchner, Rentier, Birken- und Auerhahn, Hermelin, Eichh\u00f6rchen etc.). Das Feuer ist ein Element, das beruhigt und anzieht, Gro\u00df wie Klein. Das Knistern der Flammen h\u00f6rst du in der H\u00fctte, wo du mit Holz heizen kannst, in der Sauna und in den Kota-Grillh\u00fctten. Einer steht im Garten und ca. 1,5 km entfernt findest du eine weitere, bei der Langlaufloipe in n\u00e4chsten Ort noch eines. Es gibt fertiges Brennholz (kann feucht sein!), ein Plumpsklo und gem\u00fctliche, windgesch\u00fctzte H\u00fctte zum Weilen.<span class=\"Apple-converted-space\">\u00a0<\/span><\/span><\/p><p><span style=\"color: #000000;\"><\/div>\n\t\t<\/div><div class='yrm-btn-wrapper yrm-inline-wrapper yrm-btn-wrapper-1  yrm-more-button-wrapper'><span title='' data-less-title='' data-more-title=''  class='yrm-toggle-expand  yrm-toggle-expand-1' data-rel='yrm-pxVAw' data-more='Read more' data-less='Read less' style='border: none; width: 100%;'><span class=\"yrm-button-text-1 yrm-button-text-span\">Read more<\/span><\/span><\/div><\/span><\/p><h1>\u00a0<\/h1><h1 style=\"text-align: center;\"><span style=\"color: #000000;\">Februar<\/span><\/h1><h1>\u00a0<\/h1><h1 style=\"text-align: center;\"><span style=\"color: #000000;\">M\u00e4rz<\/span><\/h1><h1>\u00a0<\/h1><h1 style=\"text-align: center;\"><span style=\"color: #000000;\">April<\/span><\/h1><h1>\u00a0<\/h1><h1 style=\"text-align: center;\"><span style=\"color: #000000;\">Juni<\/span><\/h1><h1>\u00a0<\/h1><h1 style=\"text-align: center;\"><span style=\"color: #000000;\">Juli<\/span><\/h1><h1>\u00a0<\/h1><h1 style=\"text-align: center;\"><span style=\"color: #000000;\">August<\/span><\/h1><p><span style=\"color: #000000;\">Die Finnen die Spinnen \u2013 sp\u00e4testens Mitte August reden alle von Herbst. Das h\u00e4ngt mit dem Schulanfang Mitte August zusammen. F\u00fcr mich dauert der Sommer mindestens bis Ende August.<\/span><\/p><p><span style=\"color: #000000;\"><div class='yrm-content yrm-content-1 yrm-content-hide' id='yrm-JSudL' data-id='1' data-show-status='false' data-after-action='' style=\"visibility: hidden;height: 0;\">\n\t\t\t<div id='yrm-inner-content-yrm-JSudL' class='yrm-inner-content-wrapper yrm-cntent-1'><\/span><\/p><p><span style=\"color: #000000;\">Zugegeben, die Sonne scheint um 24 Uhr nicht mehr ins Bett, aber Licht und W\u00e4rme gibt es noch lange. Der August 2021 war sensationell sommerlich, die Temperaturen lagen bei 15 &#8211; 27\u00b0c, und der See war angenehm bei 16-22 \u00b0c. Es regnete selten tags\u00fcber, Mosquitos gab es nur kurz an einigen Tagen (wir verwenden eine M\u00fcckenfalle!).<span class=\"Apple-converted-space\">\u00a0<\/span><\/span><\/p><p><span style=\"color: #000000;\">Ein perfekter Tag in August beginnt mit einem ruhigen aufwachen am See, mit einem kr\u00e4ftigen Kaffee. Ich sitze am See, lasse den Blick gleiten, sehe V\u00f6gel. Nach einer Weile muss ich ins Wasser, ich m\u00f6chte den See sp\u00fcren, kurz abtauchen. F\u00fcr mich ist gerade das, das gr\u00f6\u00dfte Privileg am Wasser zu wohnen. Kr\u00e4ftigendes Fr\u00fchst\u00fcck mit frischen Beeren aus dem Garten, Pl\u00e4ne machen f\u00fcr den Tag. Wandern inklusive Picknick an einer Feuerstelle, Radfahren, Angeln, einen Baum pflanzen, Spazieren gehen, mit dem Ruderboot eine Runde drehen, Kanu oder SUP-board, ein Ausflug vielleicht? Musik h\u00f6ren, oder doch nur am Strand bleiben und ein Buch lesen!<\/span><\/p><p><span style=\"color: #000000;\">Zum Naschen gibt es knackige Blaubeeren \u2013 wissenschaftlich ist es bewiesen, dass diese viel s\u00fc\u00dfer sind als in S\u00fcdfinnland. Die arktischen Beeren beinhalten mehr Kraft und Energie, das Geheimnis ist die nachtlose Nacht. Traditionell wird mustikkapiirakka, Heidelbeerkuchen gebacken, mit Vanilleeis. Allzu wenig bekannt ist die Kr\u00e4henbeere, das ein arktisches Superfood ist. Steinpilze und die ersten Trompetenpfifferlinge kommen jetzt auf die Pfanne. Aus den vielen nahegelegenen Seen kannst du z.B. Hecht, Barsch, Brachse, kleine Mar\u00e4ne, Felchen und Forelle hochziehen. Ende August beginnt die Jagd auf Waldgans sowie Wasserv\u00f6gel.<\/span><\/p><p><span style=\"color: #000000;\"><\/div>\n\t\t<\/div><div class='yrm-btn-wrapper yrm-inline-wrapper yrm-btn-wrapper-1  yrm-more-button-wrapper'><span title='' data-less-title='' data-more-title=''  class='yrm-toggle-expand  yrm-toggle-expand-1' data-rel='yrm-JSudL' data-more='Read more' data-less='Read less' style='border: none; width: 100%;'><span class=\"yrm-button-text-1 yrm-button-text-span\">Read more<\/span><\/span><\/div><\/span><\/p><h1>\u00a0<\/h1><h1 style=\"text-align: center;\"><span style=\"color: #000000;\">September<\/span><\/h1><p><span style=\"color: #000000;\">Jetzt gilt es die letzten Sommertage zu genie\u00dfen und den Herbst die B\u00fchne zu \u00fcbergeben. Der September 2021 ist angenehm warm gewesen, mit wenig Regen und Wind, die N\u00e4chte blieben Gro\u00dfteils frostfrei.<\/span><\/p><p><span style=\"color: #000000;\"><div class='yrm-content yrm-content-1 yrm-content-hide' id='yrm-a8cYN' data-id='1' data-show-status='false' data-after-action='' style=\"visibility: hidden;height: 0;\">\n\t\t\t<div id='yrm-inner-content-yrm-a8cYN' class='yrm-inner-content-wrapper yrm-cntent-1'><\/span><\/p><p><span style=\"color: #000000;\">Tagestemperaturen lagen bei f\u00fcnf bis 15\u00b0c. die Der Sonnenuntergang dauerte lange, der Himmel wird zu einem Kunstwerk. Die Abende am Lagerfeuer am Strand dauern bin in die Morgenstunden\u2026<span class=\"Apple-converted-space\">\u00a0<\/span><\/span><\/p><p><span style=\"color: #000000;\">Die Ernte ist bunt, jetzt reifen die Preiselbeere, Kr\u00e4henbeere und die Cranberries \u2013 alle Biobeeren sind vor die T\u00fcre zu finden. Auf die Pfanne kannst du Pilze pfl\u00fccken, die gibt es reichlich, vorausgesetzt du findest sie vor den Rentieren. Beliebtsind die Trompetenpfifferlinge, die hervorragend zu Nudeln passen, in Saucen, Suppen oder zum Wildfleisch. Waldh\u00fchner wie Auer-, Birken- sowie Haselhahn, Waldhase, sowie Wasserv\u00f6gel k\u00f6nnen auf unseren Grund gejagt werden, sowie an nahe gelegenen Bundesforst. Frisches Elchfleisch von J\u00e4ger gibt es meistens Ende des Monats, Rentierfleisch kann das ganze Jahr organisiert werden, auch Geweih und Fell.<\/span><\/p><p><span style=\"color: #000000;\">Drau\u00dfen wird es sch\u00f6n bunt in September, auf Finnisch nennen wir die Explosion der Farben \u201eruska\u201c. Viele Naturliebhaber und Fotographen sind unterwegs, von Morgengrauen bis am Abend. Auch das \u00dcbernachten unter freien Himmel ist beliebt unter den Outdoorfreaks.<span class=\"Apple-converted-space\">\u00a0<\/span><\/span><\/p><p><span style=\"color: #000000;\">Kleine Insekten gibt es manchmal, meistens im Wald. Ich war \u00fcberrascht, wie bereichernd und warm der September sein kann, oft war es noch angenehm drau\u00dfen zu Mittag essen. Das morgendliche baden im See m\u00f6chte ich im Herbst auch nicht vermissen.<\/span><\/p><p><span style=\"color: #000000;\"><\/div>\n\t\t<\/div><div class='yrm-btn-wrapper yrm-inline-wrapper yrm-btn-wrapper-1  yrm-more-button-wrapper'><span title='' data-less-title='' data-more-title=''  class='yrm-toggle-expand  yrm-toggle-expand-1' data-rel='yrm-a8cYN' data-more='Read more' data-less='Read less' style='border: none; width: 100%;'><span class=\"yrm-button-text-1 yrm-button-text-span\">Read more<\/span><\/span><\/div><\/span><\/p>\t\t\t\t\t\t\t\t<\/div>\n\t\t\t\t<\/div>\n\t\t\t\t\t<\/div>\n\t\t<\/div>\n\t\t\t\t\t<\/div>\n\t\t<\/section>\n\t\t\t\t<\/div>","protected":false},"excerpt":{"rendered":"<p>Oft werde ich gefragt wann ist der beste Zeitpunkt Finnland zu besuchen? Januar Zugegeben: es gibt wenig Licht in Winter. Aber, am 1.1. scheint die Sonne bereits \u00fcber den Horizont in Mets\u00e4 Kolo. &nbsp; Februar &nbsp; M\u00e4rz &nbsp; April &nbsp; Juni &nbsp; Juli &nbsp; August Die Finnen die Spinnen \u2013 sp\u00e4testens Mitte August reden alle [&hellip;]<\/p>\n","protected":false},"author":1,"featured_media":0,"comment_status":"open","ping_status":"open","sticky":false,"template":"","format":"standard","meta":{"inline_featured_image":false,"footnotes":""},"categories":[1],"tags":[],"class_list":["post-4588","post","type-post","status-publish","format-standard","hentry","category-uncategorized"],"_links":{"self":[{"href":"https:\/\/metsakolo.fi\/de\/wp-json\/wp\/v2\/posts\/4588","targetHints":{"allow":["GET"]}}],"collection":[{"href":"https:\/\/metsakolo.fi\/de\/wp-json\/wp\/v2\/posts"}],"about":[{"href":"https:\/\/metsakolo.fi\/de\/wp-json\/wp\/v2\/types\/post"}],"author":[{"embeddable":true,"href":"https:\/\/metsakolo.fi\/de\/wp-json\/wp\/v2\/users\/1"}],"replies":[{"embeddable":true,"href":"https:\/\/metsakolo.fi\/de\/wp-json\/wp\/v2\/comments?post=4588"}],"version-history":[{"count":142,"href":"https:\/\/metsakolo.fi\/de\/wp-json\/wp\/v2\/posts\/4588\/revisions"}],"predecessor-version":[{"id":5169,"href":"https:\/\/metsakolo.fi\/de\/wp-json\/wp\/v2\/posts\/4588\/revisions\/5169"}],"wp:attachment":[{"href":"https:\/\/metsakolo.fi\/de\/wp-json\/wp\/v2\/media?parent=4588"}],"wp:term":[{"taxonomy":"category","embeddable":true,"href":"https:\/\/metsakolo.fi\/de\/wp-json\/wp\/v2\/categories?post=4588"},{"taxonomy":"post_tag","embeddable":true,"href":"https:\/\/metsakolo.fi\/de\/wp-json\/wp\/v2\/tags?post=4588"}],"curies":[{"name":"wp","href":"https:\/\/api.w.org\/{rel}","templated":true}]}}